{"id":1467,"date":"2023-07-25T10:39:07","date_gmt":"2023-07-25T09:39:07","guid":{"rendered":"https:\/\/escolacrescendo.es\/resumen-curso-escuela-de-musica-crescendo-2022-2023\/"},"modified":"2023-07-25T10:39:07","modified_gmt":"2023-07-25T09:39:07","slug":"resumen-curso-escuela-de-musica-crescendo-2022-2023","status":"publish","type":"post","link":"https:\/\/escolacrescendo.es\/es\/noticias\/resumen-curso-escuela-de-musica-crescendo-2022-2023\/","title":{"rendered":"Resumen curso Escuela de M\u00fasica Crescendo 2022-2023"},"content":{"rendered":"<h2>Resumen curso Escuela de M\u00fasica Crescendo 2022-2023<\/h2>\n<p><span style=\"font-weight: 400;\">Os dejamos con un v\u00eddeo en el que intentamos resumir todo un a\u00f1o dedicado a la m\u00fasica con las actuaciones de nuestros alumnos, profesores y las actividades que hemos ido creando desde la Escuela de M\u00fasica Crescendo.<\/span><\/p>\n<p><span style=\"font-weight: 400;\">Ha sido un a\u00f1o repleto de melod\u00edas, ritmos y emociones, donde nuestros estudiantes han demostrado su pasi\u00f3n por la m\u00fasica. Acomp\u00e1\u00f1anos en este recorrido por los momentos m\u00e1s memorables y los logros conseguidos durante este curso inolvidable.<\/span><\/p>\n<p><span style=\"font-weight: 400;\">\u00a1Que siga pasando un buen verano y nos vemos en el curso 2023-2024!<\/span><\/p>\n<p><strong>\u00a1Seguimos disfrutando de la m\u00fasica!<\/strong><\/p>\n<p><iframe title=\"Resum Curs 2023-2024\" width=\"800\" height=\"450\" src=\"https:\/\/www.youtube.com\/embed\/IV1vTJhD6hY?feature=oembed\" frameborder=\"0\" allow=\"accelerometer; autoplay; clipboard-write; encrypted-media; gyroscope; picture-in-picture; web-share\" allowfullscreen><\/iframe><\/p>\n","protected":false},"excerpt":{"rendered":"<p>Resumen curso Escuela de M\u00fasica Crescendo 2022-2023 Os dejamos con un v\u00eddeo en el que intentamos resumir todo un a\u00f1o dedicado a la m\u00fasica con las actuaciones de nuestros alumnos, profesores y las actividades que hemos ido creando desde la Escuela de M\u00fasica Crescendo. Ha sido un a\u00f1o repleto de melod\u00edas, ritmos y emociones, donde [&hellip;]<\/p>\n","protected":false},"author":1,"featured_media":1260,"comment_status":"closed","ping_status":"closed","sticky":false,"template":"","format":"standard","meta":{"footnotes":""},"categories":[18],"tags":[],"class_list":["post-1467","post","type-post","status-publish","format-standard","has-post-thumbnail","hentry","category-noticias"],"_links":{"self":[{"href":"https:\/\/escolacrescendo.es\/es\/wp-json\/wp\/v2\/posts\/1467","targetHints":{"allow":["GET"]}}],"collection":[{"href":"https:\/\/escolacrescendo.es\/es\/wp-json\/wp\/v2\/posts"}],"about":[{"href":"https:\/\/escolacrescendo.es\/es\/wp-json\/wp\/v2\/types\/post"}],"author":[{"embeddable":true,"href":"https:\/\/escolacrescendo.es\/es\/wp-json\/wp\/v2\/users\/1"}],"replies":[{"embeddable":true,"href":"https:\/\/escolacrescendo.es\/es\/wp-json\/wp\/v2\/comments?post=1467"}],"version-history":[{"count":0,"href":"https:\/\/escolacrescendo.es\/es\/wp-json\/wp\/v2\/posts\/1467\/revisions"}],"wp:featuredmedia":[{"embeddable":true,"href":"https:\/\/escolacrescendo.es\/es\/wp-json\/wp\/v2\/media\/1260"}],"wp:attachment":[{"href":"https:\/\/escolacrescendo.es\/es\/wp-json\/wp\/v2\/media?parent=1467"}],"wp:term":[{"taxonomy":"category","embeddable":true,"href":"https:\/\/escolacrescendo.es\/es\/wp-json\/wp\/v2\/categories?post=1467"},{"taxonomy":"post_tag","embeddable":true,"href":"https:\/\/escolacrescendo.es\/es\/wp-json\/wp\/v2\/tags?post=1467"}],"curies":[{"name":"wp","href":"https:\/\/api.w.org\/{rel}","templated":true}]}}