{"id":1468,"date":"2023-07-17T15:41:37","date_gmt":"2023-07-17T14:41:37","guid":{"rendered":"https:\/\/escolacrescendo.es\/claustro-de-profesores-que-componen-la-escuela-de-musica-crescendo-de-alcoy\/"},"modified":"2023-11-14T16:33:08","modified_gmt":"2023-11-14T15:33:08","slug":"claustro-de-profesores-que-componen-la-escuela-de-musica-crescendo-de-alcoy","status":"publish","type":"post","link":"https:\/\/escolacrescendo.es\/es\/noticias\/claustro-de-profesores-que-componen-la-escuela-de-musica-crescendo-de-alcoy\/","title":{"rendered":"Claustro de profesores que componen La Escuela de M\u00fasica Crescendo de Alcoy"},"content":{"rendered":"\t\t<div data-elementor-type=\"wp-post\" data-elementor-id=\"1468\" class=\"elementor elementor-1468 elementor-987\" data-elementor-post-type=\"post\">\n\t\t\t\t\t\t<section class=\"elementor-section elementor-top-section elementor-element elementor-element-3dbcb23f elementor-section-boxed elementor-section-height-default elementor-section-height-default\" data-id=\"3dbcb23f\" data-element_type=\"section\" data-e-type=\"section\">\n\t\t\t\t\t\t<div class=\"elementor-container elementor-column-gap-default\">\n\t\t\t\t\t<div class=\"elementor-column elementor-col-100 elementor-top-column elementor-element elementor-element-5ca49f48\" data-id=\"5ca49f48\" data-element_type=\"column\" data-e-type=\"column\">\n\t\t\t<div class=\"elementor-widget-wrap elementor-element-populated\">\n\t\t\t\t\t\t<div class=\"elementor-element elementor-element-4cd7fa3a elementor-widget elementor-widget-text-editor\" data-id=\"4cd7fa3a\" data-element_type=\"widget\" data-e-type=\"widget\" data-widget_type=\"text-editor.default\">\n\t\t\t\t<div class=\"elementor-widget-container\">\n\t\t\t\t\t\t\t\t\t<div class=\"xdj266r x11i5rnm xat24cr x1mh8g0r x1vvkbs x126k92a\">\n<div dir=\"auto\">Os dejamos con algunas im\u00e1genes del claustro de <strong>profesores que componen La Escuela de M\u00fasica Crescendo de Alcoy<\/strong> . Un grupo de <strong>talentosos m\u00fasicos y educadores<\/strong> que han guiado y motivado a nuestros estudiantes a lo largo del a\u00f1o.<\/div>\n<\/div>\n<div class=\"x11i5rnm xat24cr x1mh8g0r x1vvkbs xtlvy1s x126k92a\">\n<div dir=\"auto\"> <\/div>\n<div dir=\"auto\">Con su <strong>dedicaci\u00f3n, experiencia y amor por la m\u00fasica<\/strong> , han sido los pilares de nuestro \u00e9xito. Agradecemos a nuestros profesores por su incansable labor y esperamos con entusiasmo las futuras melod\u00edas que van a crear juntos en los pr\u00f3ximos cursos.<\/div>\n<\/div>\n<div class=\"x11i5rnm xat24cr x1mh8g0r x1vvkbs xtlvy1s x126k92a\">\n<div dir=\"auto\"> <\/div>\n<div dir=\"auto\"><strong>\u00a1Que la m\u00fasica siga resonando en los corazones de nuestros estudiantes para siempre!<\/strong><\/div>\n<\/div>\n<div dir=\"auto\"> <\/div>\n<div dir=\"auto\">\n<p><a href=\"https:\/\/escolacrescendo.es\/wp-content\/uploads\/2023\/07\/dinar-professors-2.png\"><img fetchpriority=\"high\" decoding=\"async\" class=\"aligncenter size-large wp-image-989\" src=\"https:\/\/escolacrescendo.es\/wp-content\/uploads\/2023\/07\/dinar-professors-2-1024x635.png\" alt=\"\" width=\"800\" height=\"496\" title=\"\" srcset=\"https:\/\/escolacrescendo.es\/wp-content\/uploads\/2023\/07\/dinar-professors-2-1024x635.png 1024w, https:\/\/escolacrescendo.es\/wp-content\/uploads\/2023\/07\/dinar-professors-2-300x186.png 300w, https:\/\/escolacrescendo.es\/wp-content\/uploads\/2023\/07\/dinar-professors-2-768x477.png 768w, https:\/\/escolacrescendo.es\/wp-content\/uploads\/2023\/07\/dinar-professors-2-1536x953.png 1536w, https:\/\/escolacrescendo.es\/wp-content\/uploads\/2023\/07\/dinar-professors-2.png 1729w\" sizes=\"(max-width: 800px) 100vw, 800px\" \/><\/a><\/p>\n<\/div>\n<div class=\"x11i5rnm xat24cr x1mh8g0r x1vvkbs xtlvy1s x126k92a\">\n<div dir=\"auto\"> <\/div>\n<div dir=\"auto\"><strong>Crescendo Escuela de m\u00fasica<\/strong><\/div>\n<div dir=\"auto\"><a class=\"x1i10hfl xjbqb8w x6umtig x1b1mbwd xaqea5y xav7gou x9f619 x1ypdohk xt0psk2 xe8uvvx xdj266r x11i5rnm xat24cr x1mh8g0r xexx8yu x4uap5 x18d9i69 xkhd6sd x16tdsg8 x1hl2dhg xggy1nq x1a2a7pz xt0b8zv x1qq9wsj xo1l8bm\" tabindex=\"0\" role=\"link\" href=\"https:\/\/www.facebook.com\/hashtag\/musicaalcoi?__eep__=6&amp;__cft__%5B0%5D=AZVETQlwH7z80AnqCOKBq3p_3SkJUBwt99tS9u4f_hXSMRFJ7rOTcYiPRr8ozrrF824fEy7XiXIJiZN6s_QCt3pYDueIyAbAVqZvdW8_N_fvvxyHQ3wz3Wo10ZH4AegQUcLq-4ur9X-43qLRnZoz6XOMuLR_YOK2g7RfQQZpnlczwYflH83CdgEPsYEnBbZVMkE&amp;__tn__=*NK-R\" rel=\"nofollow noopener\" target=\"_blank\">#musicaalcoi<\/a> <a class=\"x1i10hfl xjbqb8w x6umtig x1b1mbwd xaqea5y xav7gou x9f619 x1ypdohk xt0psk2 xe8uvvx xdj266r x11i5rnm xat24cr x1mh8g0r xexx8yu x4uap5 x18d9i69 xkhd6sd x16tdsg8 x1hl2dhg xggy1nq x1a2a7pz xt0b8zv x1qq9wsj xo1l8bm\" tabindex=\"0\" role=\"link\" href=\"https:\/\/www.facebook.com\/hashtag\/alcomusic?__eep__=6&amp;__cft__%5B0%5D=AZVETQlwH7z80AnqCOKBq3p_3SkJUBwt99tS9u4f_hXSMRFJ7rOTcYiPRr8ozrrF824fEy7XiXIJiZN6s_QCt3pYDueIyAbAVqZvdW8_N_fvvxyHQ3wz3Wo10ZH4AegQUcLq-4ur9X-43qLRnZoz6XOMuLR_YOK2g7RfQQZpnlczwYflH83CdgEPsYEnBbZVMkE&amp;__tn__=*NK-R\" rel=\"nofollow noopener\" target=\"_blank\">#alcomusic<\/a> <a class=\"x1i10hfl xjbqb8w x6umtig x1b1mbwd xaqea5y xav7gou x9f619 x1ypdohk xt0psk2 xe8uvvx xdj266r x11i5rnm xat24cr x1mh8g0r xexx8yu x4uap5 x18d9i69 xkhd6sd x16tdsg8 x1hl2dhg xggy1nq x1a2a7pz xt0b8zv x1qq9wsj xo1l8bm\" tabindex=\"0\" role=\"link\" href=\"https:\/\/www.facebook.com\/hashtag\/professorsdemusica?__eep__=6&amp;__cft__%5B0%5D=AZVETQlwH7z80AnqCOKBq3p_3SkJUBwt99tS9u4f_hXSMRFJ7rOTcYiPRr8ozrrF824fEy7XiXIJiZN6s_QCt3pYDueIyAbAVqZvdW8_N_fvvxyHQ3wz3Wo10ZH4AegQUcLq-4ur9X-43qLRnZoz6XOMuLR_YOK2g7RfQQZpnlczwYflH83CdgEPsYEnBbZVMkE&amp;__tn__=*NK-R\" rel=\"nofollow noopener\" target=\"_blank\">#professorsdemusica<\/a><\/div>\n<\/div>\n\t\t\t\t\t\t\t\t<\/div>\n\t\t\t\t<\/div>\n\t\t\t\t\t<\/div>\n\t\t<\/div>\n\t\t\t\t\t<\/div>\n\t\t<\/section>\n\t\t\t\t<\/div>\n\t\t","protected":false},"excerpt":{"rendered":"<p>Os dejamos con algunas im\u00e1genes del claustro de profesores que componen La Escuela de M\u00fasica Crescendo de Alcoy . Un grupo de talentosos m\u00fasicos y educadores que han guiado y motivado a nuestros estudiantes a lo largo del a\u00f1o. Con su dedicaci\u00f3n, experiencia y amor por la m\u00fasica , han sido los pilares de nuestro [&hellip;]<\/p>\n","protected":false},"author":1,"featured_media":1258,"comment_status":"closed","ping_status":"closed","sticky":false,"template":"","format":"standard","meta":{"footnotes":""},"categories":[18],"tags":[],"class_list":["post-1468","post","type-post","status-publish","format-standard","has-post-thumbnail","hentry","category-noticias"],"_links":{"self":[{"href":"https:\/\/escolacrescendo.es\/es\/wp-json\/wp\/v2\/posts\/1468","targetHints":{"allow":["GET"]}}],"collection":[{"href":"https:\/\/escolacrescendo.es\/es\/wp-json\/wp\/v2\/posts"}],"about":[{"href":"https:\/\/escolacrescendo.es\/es\/wp-json\/wp\/v2\/types\/post"}],"author":[{"embeddable":true,"href":"https:\/\/escolacrescendo.es\/es\/wp-json\/wp\/v2\/users\/1"}],"replies":[{"embeddable":true,"href":"https:\/\/escolacrescendo.es\/es\/wp-json\/wp\/v2\/comments?post=1468"}],"version-history":[{"count":0,"href":"https:\/\/escolacrescendo.es\/es\/wp-json\/wp\/v2\/posts\/1468\/revisions"}],"wp:featuredmedia":[{"embeddable":true,"href":"https:\/\/escolacrescendo.es\/es\/wp-json\/wp\/v2\/media\/1258"}],"wp:attachment":[{"href":"https:\/\/escolacrescendo.es\/es\/wp-json\/wp\/v2\/media?parent=1468"}],"wp:term":[{"taxonomy":"category","embeddable":true,"href":"https:\/\/escolacrescendo.es\/es\/wp-json\/wp\/v2\/categories?post=1468"},{"taxonomy":"post_tag","embeddable":true,"href":"https:\/\/escolacrescendo.es\/es\/wp-json\/wp\/v2\/tags?post=1468"}],"curies":[{"name":"wp","href":"https:\/\/api.w.org\/{rel}","templated":true}]}}